{"id":1255,"date":"2018-11-01T16:52:12","date_gmt":"2018-11-01T15:52:12","guid":{"rendered":"http:\/\/fpmafihobiana.org\/v4\/?p=1255"},"modified":"2018-11-01T17:47:48","modified_gmt":"2018-11-01T16:47:48","slug":"etre-protestant-cest-laisser-le-christ-agir-en-soi","status":"publish","type":"post","link":"https:\/\/fpmafihobiana.org\/?p=1255","title":{"rendered":"Etre protestant, c\u2019est laisser le Christ agir en soi !"},"content":{"rendered":"<p style=\"text-align: center;\"><a href=\"http:\/\/fpmafihobiana.org\/v4\/wp-content\/uploads\/2018\/11\/Photo-site.jpg\"><img loading=\"lazy\" decoding=\"async\" class=\"alignnone  wp-image-1256\" src=\"http:\/\/fpmafihobiana.org\/v4\/wp-content\/uploads\/2018\/11\/Photo-site-595x894.jpg\" alt=\"\" width=\"362\" height=\"530\" \/><\/a><\/p>\n<p style=\"text-align: center;\"><span style=\"font-family: verdana, geneva, sans-serif; font-size: 14pt; color: #003366;\"><strong>Etre protestant, c\u2019est laisser le Christ agir en soi !<\/strong><\/span><\/p>\n<p style=\"text-align: justify;\"><span style=\"font-family: verdana, geneva, sans-serif; font-size: 14pt;\">A l\u2019occasion de la f\u00eate de la r\u00e9formation, j\u2019aimerais parler d\u2019un mot. C\u2019est le terme <em>\u00ab protestant \u00bb. <\/em>Il \u00e9tait d\u00e9j\u00e0 dans le dictionnaire fran\u00e7ais avant la naissance de l\u2019Eglise protestante. Il veut dire <em>\u00ab celui qui proteste \u00bb <\/em>ou <em>\u00ab celui qui conteste \u00bb. <\/em>Cependant, le sens du mot utilis\u00e9 par les Eglises issues de la R\u00e9forme ne voit le jour qu\u2019au 31 octobre 1517, jour o\u00f9 Martin Luther a publi\u00e9 ses 95 th\u00e8ses \u00e0 Wittenberg en Allemagne.<\/span><\/p>\n<p style=\"text-align: justify;\"><span style=\"font-family: verdana, geneva, sans-serif; font-size: 14pt;\"><em>\u00ab Protestant \u00bb<\/em>, tir\u00e9 du verbe latin <em>protestare<\/em>, signifie <em>\u00ab celui qui t\u00e9moigne pour\u2026 .\u00bb <\/em>Au regard du contexte de l\u2019\u00e9poque, cela signifie <em>\u00ab celui qui t\u00e9moigne pour la libert\u00e9 \u00bb.<\/em><\/span><\/p>\n<p style=\"text-align: justify;\"><span style=\"font-family: verdana, geneva, sans-serif; font-size: 14pt;\"><em>\u00a0<\/em><\/span><span style=\"font-family: verdana, geneva, sans-serif; font-size: 14pt;\">Que dois-je faire pour mon salut ? Rien ! Est-ce que je peux obtenir le pardon de mes p\u00e9ch\u00e9s en donnant de l\u2019argent ou en faisant de bonnes \u0153uvres? Non ! Telles sont les questions br\u00fblantes et les r\u00e9ponses de Luther.<\/span><\/p>\n<p style=\"text-align: justify;\"><span style=\"font-family: verdana, geneva, sans-serif; font-size: 14pt;\"><em>\u00ab Tout est accompli \u00bb <\/em>par J\u00e9sus-Christ (Jean 19, 30). Par sa mort sur la croix et sa r\u00e9surrection, nous avons le pardon de nos p\u00e9ch\u00e9s, nous avons le salut. C\u2019est ce qu\u2019on appelle la gr\u00e2ce de Dieu : c\u2019est Dieu lui-m\u00eame qui s\u2019est donn\u00e9 pour nous !<\/span><\/p>\n<p style=\"text-align: justify;\"><span style=\"font-family: verdana, geneva, sans-serif; font-size: 14pt;\">Il suffit de recevoir le Christ. Il suffit de recevoir ce don comme dit Jean dans son \u00e9vangile : <em>\u00ab Car Dieu a tant aim\u00e9 le monde qu\u2019il a donn\u00e9 son Fils unique, afin que quiconque croit en lui ne p\u00e9risse point, mais qu\u2019il ait la vie \u00e9ternelle. \u00bb <\/em>(Jean 3, 16).<\/span><\/p>\n<p style=\"text-align: justify;\"><span style=\"font-family: verdana, geneva, sans-serif; font-size: 14pt;\">Croire en Dieu, c\u2019est se tenir devant Dieu, les mains ouvertes comme des enfants. Croire en Dieu, c\u2019est d\u00e9pendre de sa gr\u00e2ce\u00a0<\/span><span style=\"font-family: verdana, geneva, sans-serif; font-size: 14pt;\">&#8211; vivre sous le r\u00e9gime de la gr\u00e2ce.<\/span><\/p>\n<p style=\"text-align: justify;\"><span style=\"font-family: verdana, geneva, sans-serif; font-size: 14pt;\">Autrement dit, lib\u00e9r\u00e9 du souci de son salut, le croyant exprime une vie reconnaissante envers Dieu. <em>\u00ab Nous l\u2019aimons parce qu\u2019il nous a aim\u00e9s le premier \u00bb <\/em>(1 Jean 4,19). Lib\u00e9r\u00e9 par la gr\u00e2ce de l\u2019obligation de devoir se centrer sur lui-m\u00eame, le croyant met en premier lieu dans sa vie &#8211; le Christ.<\/span><\/p>\n<p style=\"text-align: justify;\"><span style=\"font-family: verdana, geneva, sans-serif; font-size: 14pt;\">Ainsi, pour la FPMA (Eglise Protestante Malgache en France),\u00a0<\/span><span style=\"font-family: verdana, geneva, sans-serif; font-size: 14pt;\"><em>\u00ab \u00eatre protestant \u00bb<\/em>, ne devrait pas vouloir dire <em>\u00ab protester tout le temps \u00bb <\/em>(directement ou indirectement), id\u00e9e qui paralyse la propagation de l\u2019Evangile, mais signifie : vivre et proclamer cette <em>\u00ab Bonne Nouvelle \u00bb <\/em>donn\u00e9e, vivre et annoncer le Christ en paroles et en actes. La foi vivante incite l\u2019Eglise \u00e0 viser \u00e0 la conversion &#8211; \u00e0 la lib\u00e9ration de l\u2019homme et \u00e0 ne pas oublier les engagements n\u00e9cessaires dans la vie de tous les jours.<\/span><\/p>\n<p style=\"text-align: justify;\"><span style=\"font-family: verdana, geneva, sans-serif; font-size: 14pt;\"><em>\u00ab L\u2019Eglise est toujours \u00e0 r\u00e9former \u00bb <\/em>(Ecclesia semper reformanda). D\u2019autant plus qu\u2019on est <em>\u00ab protestant \u00bb, <\/em>n\u2019est-ce pas ?<\/span><\/p>\n<p style=\"text-align: justify;\"><span style=\"font-family: verdana, geneva, sans-serif; font-size: 14pt;\">A Dieu seul la gloire !<\/span><\/p>\n<p style=\"text-align: justify;\"><span style=\"font-family: verdana, geneva, sans-serif; font-size: 14pt;\">Pasteur Naina ANDRIALAMPISON<\/span><\/p>\n","protected":false},"excerpt":{"rendered":"<p>Etre protestant, c\u2019est laisser le Christ agir en soi ! A l\u2019occasion de la f\u00eate de la r\u00e9formation, j\u2019aimerais parler d\u2019un mot. C\u2019est le<\/p>\n","protected":false},"author":2,"featured_media":0,"comment_status":"closed","ping_status":"open","sticky":false,"template":"","format":"standard","meta":{"footnotes":""},"categories":[17,64,103],"tags":[],"class_list":["post-1255","post","type-post","status-publish","format-standard","hentry","category-accueil","category-actualites","category-edito"],"_links":{"self":[{"href":"https:\/\/fpmafihobiana.org\/index.php?rest_route=\/wp\/v2\/posts\/1255","targetHints":{"allow":["GET"]}}],"collection":[{"href":"https:\/\/fpmafihobiana.org\/index.php?rest_route=\/wp\/v2\/posts"}],"about":[{"href":"https:\/\/fpmafihobiana.org\/index.php?rest_route=\/wp\/v2\/types\/post"}],"author":[{"embeddable":true,"href":"https:\/\/fpmafihobiana.org\/index.php?rest_route=\/wp\/v2\/users\/2"}],"replies":[{"embeddable":true,"href":"https:\/\/fpmafihobiana.org\/index.php?rest_route=%2Fwp%2Fv2%2Fcomments&post=1255"}],"version-history":[{"count":5,"href":"https:\/\/fpmafihobiana.org\/index.php?rest_route=\/wp\/v2\/posts\/1255\/revisions"}],"predecessor-version":[{"id":1264,"href":"https:\/\/fpmafihobiana.org\/index.php?rest_route=\/wp\/v2\/posts\/1255\/revisions\/1264"}],"wp:attachment":[{"href":"https:\/\/fpmafihobiana.org\/index.php?rest_route=%2Fwp%2Fv2%2Fmedia&parent=1255"}],"wp:term":[{"taxonomy":"category","embeddable":true,"href":"https:\/\/fpmafihobiana.org\/index.php?rest_route=%2Fwp%2Fv2%2Fcategories&post=1255"},{"taxonomy":"post_tag","embeddable":true,"href":"https:\/\/fpmafihobiana.org\/index.php?rest_route=%2Fwp%2Fv2%2Ftags&post=1255"}],"curies":[{"name":"wp","href":"https:\/\/api.w.org\/{rel}","templated":true}]}}